{"id":877,"date":"2023-10-17T19:37:14","date_gmt":"2023-10-17T18:37:14","guid":{"rendered":"https:\/\/www.laflechelibre.fr\/blog\/?p=877"},"modified":"2023-10-17T19:37:14","modified_gmt":"2023-10-17T18:37:14","slug":"2023-2024-cest-parti","status":"publish","type":"post","link":"https:\/\/www.laflechelibre.fr\/blog\/annonce\/2023-2024-cest-parti\/","title":{"rendered":"2023-2024 : C&rsquo;est parti &#8230; !"},"content":{"rendered":"\n<p>Le Bureau a chang\u00e9. Merci beaucoup Lionel d&rsquo;avoir tenu 9 ans et d&rsquo;avoir cr\u00e9e cette belle association que nous avons plaisir a  reprendre et a faire perdurer!<br>Mich&rsquo; Pr\u00e9sident, Anne-C&rsquo; Secr\u00e9taire et M-Pierre Tr\u00e9sori\u00e8re \u00e0 votre service.<\/p>\n\n\n\n<p>Les adh\u00e9sions ont bien commenc\u00e9. Ceux qui n&rsquo;auraient pas encore fait la d\u00e9marche  : maintenant (hihi) nous sommes op\u00e9rationnels.<br>Bienvenue aux nouveaux : \u00c9milien et M\u00e9lanie.<\/p>\n\n\n\n<p>Encore un Lundi puis (changement d&rsquo;heure) nous passerons aux Dimanches \u00e0 partir de 10h00 \u00e0 partir du 29 octobre 2023 (choix suite au vote des adh\u00e9rents).<\/p>\n\n\n\n<h2 class=\"wp-block-heading\">EVENEMENT <strong>Le 27 OCTOBRE : <\/strong><br><strong>SORTIE VALDR\u00d4ME<\/strong> &#8211; Parcours 3D<\/h2>\n\n\n\n<p>https:\/\/www.mairie-valdrome.fr\/vacances-valdrome\/activites-sportives\/<br>Rendez-vous \u00e0 8h30 sur le parking de Serres<br>Pensez au Pique-nique et aux 10 euros par personne (prix du parcours)<\/p>\n","protected":false},"excerpt":{"rendered":"<p>Le Bureau a chang\u00e9. Merci beaucoup Lionel d&rsquo;avoir tenu 9 ans et d&rsquo;avoir cr\u00e9e cette belle association que nous avons plaisir a reprendre et a faire perdurer!Mich&rsquo; Pr\u00e9sident, Anne-C&rsquo; Secr\u00e9taire et M-Pierre Tr\u00e9sori\u00e8re \u00e0 votre service. Les adh\u00e9sions ont bien commenc\u00e9. Ceux qui n&rsquo;auraient pas encore fait la d\u00e9marche : maintenant (hihi) nous sommes op\u00e9rationnels.Bienvenue &hellip; <a href=\"https:\/\/www.laflechelibre.fr\/blog\/annonce\/2023-2024-cest-parti\/\" class=\"more-link\">Continuer la lecture de <span class=\"screen-reader-text\">2023-2024 : C&rsquo;est parti &#8230; !<\/span>  <span class=\"meta-nav\">&rarr;<\/span><\/a><\/p>\n","protected":false},"author":5,"featured_media":0,"comment_status":"open","ping_status":"open","sticky":false,"template":"","format":"standard","meta":{"footnotes":""},"categories":[12,16],"tags":[],"class_list":["post-877","post","type-post","status-publish","format-standard","hentry","category-annonce","category-evenement"],"_links":{"self":[{"href":"https:\/\/www.laflechelibre.fr\/blog\/wp-json\/wp\/v2\/posts\/877","targetHints":{"allow":["GET"]}}],"collection":[{"href":"https:\/\/www.laflechelibre.fr\/blog\/wp-json\/wp\/v2\/posts"}],"about":[{"href":"https:\/\/www.laflechelibre.fr\/blog\/wp-json\/wp\/v2\/types\/post"}],"author":[{"embeddable":true,"href":"https:\/\/www.laflechelibre.fr\/blog\/wp-json\/wp\/v2\/users\/5"}],"replies":[{"embeddable":true,"href":"https:\/\/www.laflechelibre.fr\/blog\/wp-json\/wp\/v2\/comments?post=877"}],"version-history":[{"count":2,"href":"https:\/\/www.laflechelibre.fr\/blog\/wp-json\/wp\/v2\/posts\/877\/revisions"}],"predecessor-version":[{"id":879,"href":"https:\/\/www.laflechelibre.fr\/blog\/wp-json\/wp\/v2\/posts\/877\/revisions\/879"}],"wp:attachment":[{"href":"https:\/\/www.laflechelibre.fr\/blog\/wp-json\/wp\/v2\/media?parent=877"}],"wp:term":[{"taxonomy":"category","embeddable":true,"href":"https:\/\/www.laflechelibre.fr\/blog\/wp-json\/wp\/v2\/categories?post=877"},{"taxonomy":"post_tag","embeddable":true,"href":"https:\/\/www.laflechelibre.fr\/blog\/wp-json\/wp\/v2\/tags?post=877"}],"curies":[{"name":"wp","href":"https:\/\/api.w.org\/{rel}","templated":true}]}}