{"id":864,"date":"2023-09-03T10:13:35","date_gmt":"2023-09-03T09:13:35","guid":{"rendered":"https:\/\/www.laflechelibre.fr\/blog\/?p=864"},"modified":"2023-09-03T21:55:10","modified_gmt":"2023-09-03T20:55:10","slug":"rentree-2023-2024","status":"publish","type":"post","link":"https:\/\/www.laflechelibre.fr\/blog\/annonce\/rentree-2023-2024\/","title":{"rendered":"Rentr\u00e9e 2023\/2024"},"content":{"rendered":"\n<p>La rentr\u00e9e de La Fl\u00e8che Libre aura lieu le lundi 11 septembre 2023.<br>Jusqu&rsquo;au changement d&rsquo;heure d&rsquo;hiver, fin octobre, les s\u00e9ances auront lieu les lundis \u00e0 partir de 17h.<br>Pendant l\u2019heure d\u2019hiver, les s\u00e9ances auront lieu \u00e0 un autre moment qui sera d\u00e9fini avec les adh\u00e9rents.<br>Bonne rentr\u00e9e !<\/p>\n","protected":false},"excerpt":{"rendered":"<p>La rentr\u00e9e de La Fl\u00e8che Libre aura lieu le lundi 11 septembre 2023.Jusqu&rsquo;au changement d&rsquo;heure d&rsquo;hiver, fin octobre, les s\u00e9ances auront lieu les lundis \u00e0 partir de 17h.Pendant l\u2019heure d\u2019hiver, les s\u00e9ances auront lieu \u00e0 un autre moment qui sera d\u00e9fini avec les adh\u00e9rents.Bonne rentr\u00e9e !<\/p>\n","protected":false},"author":3,"featured_media":0,"comment_status":"open","ping_status":"open","sticky":false,"template":"","format":"standard","meta":{"footnotes":""},"categories":[12],"tags":[],"class_list":["post-864","post","type-post","status-publish","format-standard","hentry","category-annonce"],"_links":{"self":[{"href":"https:\/\/www.laflechelibre.fr\/blog\/wp-json\/wp\/v2\/posts\/864","targetHints":{"allow":["GET"]}}],"collection":[{"href":"https:\/\/www.laflechelibre.fr\/blog\/wp-json\/wp\/v2\/posts"}],"about":[{"href":"https:\/\/www.laflechelibre.fr\/blog\/wp-json\/wp\/v2\/types\/post"}],"author":[{"embeddable":true,"href":"https:\/\/www.laflechelibre.fr\/blog\/wp-json\/wp\/v2\/users\/3"}],"replies":[{"embeddable":true,"href":"https:\/\/www.laflechelibre.fr\/blog\/wp-json\/wp\/v2\/comments?post=864"}],"version-history":[{"count":3,"href":"https:\/\/www.laflechelibre.fr\/blog\/wp-json\/wp\/v2\/posts\/864\/revisions"}],"predecessor-version":[{"id":867,"href":"https:\/\/www.laflechelibre.fr\/blog\/wp-json\/wp\/v2\/posts\/864\/revisions\/867"}],"wp:attachment":[{"href":"https:\/\/www.laflechelibre.fr\/blog\/wp-json\/wp\/v2\/media?parent=864"}],"wp:term":[{"taxonomy":"category","embeddable":true,"href":"https:\/\/www.laflechelibre.fr\/blog\/wp-json\/wp\/v2\/categories?post=864"},{"taxonomy":"post_tag","embeddable":true,"href":"https:\/\/www.laflechelibre.fr\/blog\/wp-json\/wp\/v2\/tags?post=864"}],"curies":[{"name":"wp","href":"https:\/\/api.w.org\/{rel}","templated":true}]}}