{"id":831,"date":"2022-09-02T11:56:23","date_gmt":"2022-09-02T10:56:23","guid":{"rendered":"http:\/\/www.laflechelibre.fr\/blog\/?p=831"},"modified":"2022-10-27T14:33:46","modified_gmt":"2022-10-27T13:33:46","slug":"rentree-2022-2023","status":"publish","type":"post","link":"https:\/\/www.laflechelibre.fr\/blog\/annonce\/rentree-2022-2023\/","title":{"rendered":"Rentr\u00e9e 2022\/2023"},"content":{"rendered":"\n<p><\/p>\n\n\n\n<p>La rentr\u00e9e de La Fl\u00e8che Libre aura lieu le vendredi 9 septembre.<br>Jusqu&rsquo;au changement d&rsquo;heure d&rsquo;hiver, fin octobre, les s\u00e9ances auront lieu les vendredis \u00e0 partir de 17h30.<br>Pendant l\u2019heure d\u2019hiver, les s\u00e9ances auront lieu les dimanches \u00e0 partir de 10h.<br>Nous esp\u00e9rons vous y voir nombreuse et nombreux gonfl\u00e9s de motivations pour dynamiser l&rsquo;association !<\/p>\n","protected":false},"excerpt":{"rendered":"<p>La rentr\u00e9e de La Fl\u00e8che Libre aura lieu le vendredi 9 septembre.Jusqu&rsquo;au changement d&rsquo;heure d&rsquo;hiver, fin octobre, les s\u00e9ances auront lieu les vendredis \u00e0 partir de 17h30.Pendant l\u2019heure d\u2019hiver, les s\u00e9ances auront lieu les dimanches \u00e0 partir de 10h.Nous esp\u00e9rons vous y voir nombreuse et nombreux gonfl\u00e9s de motivations pour dynamiser l&rsquo;association !<\/p>\n","protected":false},"author":1,"featured_media":0,"comment_status":"open","ping_status":"open","sticky":false,"template":"","format":"standard","meta":{"footnotes":""},"categories":[12],"tags":[],"class_list":["post-831","post","type-post","status-publish","format-standard","hentry","category-annonce"],"_links":{"self":[{"href":"https:\/\/www.laflechelibre.fr\/blog\/wp-json\/wp\/v2\/posts\/831","targetHints":{"allow":["GET"]}}],"collection":[{"href":"https:\/\/www.laflechelibre.fr\/blog\/wp-json\/wp\/v2\/posts"}],"about":[{"href":"https:\/\/www.laflechelibre.fr\/blog\/wp-json\/wp\/v2\/types\/post"}],"author":[{"embeddable":true,"href":"https:\/\/www.laflechelibre.fr\/blog\/wp-json\/wp\/v2\/users\/1"}],"replies":[{"embeddable":true,"href":"https:\/\/www.laflechelibre.fr\/blog\/wp-json\/wp\/v2\/comments?post=831"}],"version-history":[{"count":7,"href":"https:\/\/www.laflechelibre.fr\/blog\/wp-json\/wp\/v2\/posts\/831\/revisions"}],"predecessor-version":[{"id":849,"href":"https:\/\/www.laflechelibre.fr\/blog\/wp-json\/wp\/v2\/posts\/831\/revisions\/849"}],"wp:attachment":[{"href":"https:\/\/www.laflechelibre.fr\/blog\/wp-json\/wp\/v2\/media?parent=831"}],"wp:term":[{"taxonomy":"category","embeddable":true,"href":"https:\/\/www.laflechelibre.fr\/blog\/wp-json\/wp\/v2\/categories?post=831"},{"taxonomy":"post_tag","embeddable":true,"href":"https:\/\/www.laflechelibre.fr\/blog\/wp-json\/wp\/v2\/tags?post=831"}],"curies":[{"name":"wp","href":"https:\/\/api.w.org\/{rel}","templated":true}]}}