{"id":808,"date":"2021-05-02T16:40:23","date_gmt":"2021-05-02T15:40:23","guid":{"rendered":"http:\/\/www.laflechelibre.fr\/blog\/?p=808"},"modified":"2021-05-02T16:40:23","modified_gmt":"2021-05-02T15:40:23","slug":"anne-cecile-revient-parmi-les-siens","status":"publish","type":"post","link":"https:\/\/www.laflechelibre.fr\/blog\/annonce\/anne-cecile-revient-parmi-les-siens\/","title":{"rendered":"Anne-C\u00e9cile Revient parmi les siens"},"content":{"rendered":"\n<p>Pour les quelques personnes qui ne le savent pas encore (celles qui vivent dans la Station Spatiale Internationale ou au fin fond du Larzac), <strong>depuis<\/strong> le 6 avril, c&rsquo;est l&rsquo;anniversaire d&rsquo;Anne-C\u00e9cile.<\/p>\n\n\n\n<p>Suite \u00e0 l&rsquo;annulation de la f\u00eate de l&rsquo;huma 2020, Anne-C\u00e9cile a pu leur racheter un joli g\u00e2teau pour ses bougies.<\/p>\n\n\n\n<p>Notons qu&rsquo;Anne-C\u00e9cile a vraiment chang\u00e9 depuis le 6 avril. Elle arrive maintenant \u00e0 marcher sur l&rsquo;eau et \u00e0 multiplier les Space Cakes !<\/p>\n\n\n\n<p>Bon anniversaire Anne-C\u00e9 ! \ud83d\ude42<\/p>\n\n\n\n<figure class=\"wp-block-image size-full\"><img loading=\"lazy\" decoding=\"async\" width=\"800\" height=\"534\" src=\"https:\/\/www.laflechelibre.fr\/blog\/wp-content\/uploads\/2021\/05\/Anniversaire_Anne_Cecile.gif\" alt=\"\" class=\"wp-image-809\"\/><\/figure>\n","protected":false},"excerpt":{"rendered":"<p>Pour les quelques personnes qui ne le savent pas encore (celles qui vivent dans la Station Spatiale Internationale ou au fin fond du Larzac), depuis le 6 avril, c&rsquo;est l&rsquo;anniversaire d&rsquo;Anne-C\u00e9cile. Suite \u00e0 l&rsquo;annulation de la f\u00eate de l&rsquo;huma 2020, Anne-C\u00e9cile a pu leur racheter un joli g\u00e2teau pour ses bougies. Notons qu&rsquo;Anne-C\u00e9cile a vraiment &hellip; <a href=\"https:\/\/www.laflechelibre.fr\/blog\/annonce\/anne-cecile-revient-parmi-les-siens\/\" class=\"more-link\">Continuer la lecture de <span class=\"screen-reader-text\">Anne-C\u00e9cile Revient parmi les siens<\/span>  <span class=\"meta-nav\">&rarr;<\/span><\/a><\/p>\n","protected":false},"author":1,"featured_media":0,"comment_status":"open","ping_status":"open","sticky":false,"template":"","format":"standard","meta":{"footnotes":""},"categories":[12,16],"tags":[],"class_list":["post-808","post","type-post","status-publish","format-standard","hentry","category-annonce","category-evenement"],"_links":{"self":[{"href":"https:\/\/www.laflechelibre.fr\/blog\/wp-json\/wp\/v2\/posts\/808","targetHints":{"allow":["GET"]}}],"collection":[{"href":"https:\/\/www.laflechelibre.fr\/blog\/wp-json\/wp\/v2\/posts"}],"about":[{"href":"https:\/\/www.laflechelibre.fr\/blog\/wp-json\/wp\/v2\/types\/post"}],"author":[{"embeddable":true,"href":"https:\/\/www.laflechelibre.fr\/blog\/wp-json\/wp\/v2\/users\/1"}],"replies":[{"embeddable":true,"href":"https:\/\/www.laflechelibre.fr\/blog\/wp-json\/wp\/v2\/comments?post=808"}],"version-history":[{"count":5,"href":"https:\/\/www.laflechelibre.fr\/blog\/wp-json\/wp\/v2\/posts\/808\/revisions"}],"predecessor-version":[{"id":814,"href":"https:\/\/www.laflechelibre.fr\/blog\/wp-json\/wp\/v2\/posts\/808\/revisions\/814"}],"wp:attachment":[{"href":"https:\/\/www.laflechelibre.fr\/blog\/wp-json\/wp\/v2\/media?parent=808"}],"wp:term":[{"taxonomy":"category","embeddable":true,"href":"https:\/\/www.laflechelibre.fr\/blog\/wp-json\/wp\/v2\/categories?post=808"},{"taxonomy":"post_tag","embeddable":true,"href":"https:\/\/www.laflechelibre.fr\/blog\/wp-json\/wp\/v2\/tags?post=808"}],"curies":[{"name":"wp","href":"https:\/\/api.w.org\/{rel}","templated":true}]}}