{"id":5,"date":"2014-02-01T01:53:23","date_gmt":"2014-02-01T00:53:23","guid":{"rendered":"http:\/\/s513301065.onlinehome.fr\/blog\/?p=5"},"modified":"2014-05-16T11:02:03","modified_gmt":"2014-05-16T10:02:03","slug":"15-0","status":"publish","type":"post","link":"https:\/\/www.laflechelibre.fr\/blog\/video\/15-0\/","title":{"rendered":"15-0"},"content":{"rendered":"<div style=\"width: 474px;\" class=\"wp-video\"><video class=\"wp-video-shortcode\" id=\"video-5-1\" width=\"474\" height=\"267\" poster=\"https:\/\/www.laflechelibre.fr\/blog\/wp-content\/uploads\/2014\/02\/15-0.jpg\" preload=\"none\" controls=\"controls\"><source type=\"video\/mp4\" src=\"https:\/\/www.laflechelibre.fr\/blog\/wp-content\/uploads\/2014\/03\/15-0.mp4?_=1\" \/><a href=\"https:\/\/www.laflechelibre.fr\/blog\/wp-content\/uploads\/2014\/03\/15-0.mp4\">https:\/\/www.laflechelibre.fr\/blog\/wp-content\/uploads\/2014\/03\/15-0.mp4<\/a><\/video><\/div>\n<p>La balle de tennis \u00e9tait d\u00e9j\u00e0 bien \u00e9clat\u00e9e avant de se prendre cette fl\u00e8che.<br \/>\nMais c&rsquo;est quand m\u00eame beau une vid\u00e9o \u00e0 100 images\/seconde&#8230;<\/p>\n","protected":false},"excerpt":{"rendered":"<p>La balle de tennis \u00e9tait d\u00e9j\u00e0 bien \u00e9clat\u00e9e avant de se prendre cette fl\u00e8che. Mais c&rsquo;est quand m\u00eame beau une vid\u00e9o \u00e0 100 images\/seconde&#8230;<\/p>\n","protected":false},"author":1,"featured_media":48,"comment_status":"open","ping_status":"open","sticky":false,"template":"","format":"video","meta":{"footnotes":""},"categories":[4],"tags":[9,5],"class_list":["post-5","post","type-post","status-publish","format-video","has-post-thumbnail","hentry","category-video","tag-lionel-dhauenens","tag-tir-a-larc-instinctif","post_format-post-format-video"],"_links":{"self":[{"href":"https:\/\/www.laflechelibre.fr\/blog\/wp-json\/wp\/v2\/posts\/5","targetHints":{"allow":["GET"]}}],"collection":[{"href":"https:\/\/www.laflechelibre.fr\/blog\/wp-json\/wp\/v2\/posts"}],"about":[{"href":"https:\/\/www.laflechelibre.fr\/blog\/wp-json\/wp\/v2\/types\/post"}],"author":[{"embeddable":true,"href":"https:\/\/www.laflechelibre.fr\/blog\/wp-json\/wp\/v2\/users\/1"}],"replies":[{"embeddable":true,"href":"https:\/\/www.laflechelibre.fr\/blog\/wp-json\/wp\/v2\/comments?post=5"}],"version-history":[{"count":16,"href":"https:\/\/www.laflechelibre.fr\/blog\/wp-json\/wp\/v2\/posts\/5\/revisions"}],"predecessor-version":[{"id":150,"href":"https:\/\/www.laflechelibre.fr\/blog\/wp-json\/wp\/v2\/posts\/5\/revisions\/150"}],"wp:featuredmedia":[{"embeddable":true,"href":"https:\/\/www.laflechelibre.fr\/blog\/wp-json\/wp\/v2\/media\/48"}],"wp:attachment":[{"href":"https:\/\/www.laflechelibre.fr\/blog\/wp-json\/wp\/v2\/media?parent=5"}],"wp:term":[{"taxonomy":"category","embeddable":true,"href":"https:\/\/www.laflechelibre.fr\/blog\/wp-json\/wp\/v2\/categories?post=5"},{"taxonomy":"post_tag","embeddable":true,"href":"https:\/\/www.laflechelibre.fr\/blog\/wp-json\/wp\/v2\/tags?post=5"}],"curies":[{"name":"wp","href":"https:\/\/api.w.org\/{rel}","templated":true}]}}