{"id":406,"date":"2015-09-03T12:09:55","date_gmt":"2015-09-03T11:09:55","guid":{"rendered":"http:\/\/www.laflechelibre.fr\/blog\/?p=406"},"modified":"2015-09-03T12:10:21","modified_gmt":"2015-09-03T11:10:21","slug":"saison-20152016-reprise-des-seances-vendredi-4-septembre-2015","status":"publish","type":"post","link":"https:\/\/www.laflechelibre.fr\/blog\/annonce\/saison-20152016-reprise-des-seances-vendredi-4-septembre-2015\/","title":{"rendered":"Saison 2015\/2016 : reprise des s\u00e9ances, vendredi 4 septembre 2015"},"content":{"rendered":"<p>Les s\u00e9ances de tir \u00e0 l&rsquo;arc reprennent \u00e0 partir du vendredi 4 septembre 2015 au terrain \u00e0 l&rsquo;ext\u00e9rieur.<\/p>\n<p>Au niveau des horaires, la premi\u00e8re heure (de 17h30 \u00e0 18h30) est r\u00e9serv\u00e9e aux enfants.<br \/>\nEt le cr\u00e9neau de 18h30 \u00e0 21h est r\u00e9serv\u00e9 aux adultes.<\/p>\n<p>Tous les renseignements se trouvent <a href=\"https:\/\/www.laflechelibre.fr\/blog\/les-seances-dentrainements\/\">ici<\/a>.<\/p>\n<p>Bonnes fl\u00e8ches !<\/p>\n","protected":false},"excerpt":{"rendered":"<p>Les s\u00e9ances de tir \u00e0 l&rsquo;arc reprennent \u00e0 partir du vendredi 4 septembre 2015 au terrain \u00e0 l&rsquo;ext\u00e9rieur. Au niveau des horaires, la premi\u00e8re heure (de 17h30 \u00e0 18h30) est r\u00e9serv\u00e9e aux enfants. Et le cr\u00e9neau de 18h30 \u00e0 21h est r\u00e9serv\u00e9 aux adultes. Tous les renseignements se trouvent ici. Bonnes fl\u00e8ches !<\/p>\n","protected":false},"author":1,"featured_media":0,"comment_status":"open","ping_status":"open","sticky":false,"template":"","format":"standard","meta":{"footnotes":""},"categories":[12],"tags":[],"class_list":["post-406","post","type-post","status-publish","format-standard","hentry","category-annonce"],"_links":{"self":[{"href":"https:\/\/www.laflechelibre.fr\/blog\/wp-json\/wp\/v2\/posts\/406","targetHints":{"allow":["GET"]}}],"collection":[{"href":"https:\/\/www.laflechelibre.fr\/blog\/wp-json\/wp\/v2\/posts"}],"about":[{"href":"https:\/\/www.laflechelibre.fr\/blog\/wp-json\/wp\/v2\/types\/post"}],"author":[{"embeddable":true,"href":"https:\/\/www.laflechelibre.fr\/blog\/wp-json\/wp\/v2\/users\/1"}],"replies":[{"embeddable":true,"href":"https:\/\/www.laflechelibre.fr\/blog\/wp-json\/wp\/v2\/comments?post=406"}],"version-history":[{"count":2,"href":"https:\/\/www.laflechelibre.fr\/blog\/wp-json\/wp\/v2\/posts\/406\/revisions"}],"predecessor-version":[{"id":408,"href":"https:\/\/www.laflechelibre.fr\/blog\/wp-json\/wp\/v2\/posts\/406\/revisions\/408"}],"wp:attachment":[{"href":"https:\/\/www.laflechelibre.fr\/blog\/wp-json\/wp\/v2\/media?parent=406"}],"wp:term":[{"taxonomy":"category","embeddable":true,"href":"https:\/\/www.laflechelibre.fr\/blog\/wp-json\/wp\/v2\/categories?post=406"},{"taxonomy":"post_tag","embeddable":true,"href":"https:\/\/www.laflechelibre.fr\/blog\/wp-json\/wp\/v2\/tags?post=406"}],"curies":[{"name":"wp","href":"https:\/\/api.w.org\/{rel}","templated":true}]}}