{"id":154,"date":"2014-05-13T10:51:36","date_gmt":"2014-05-13T09:51:36","guid":{"rendered":"http:\/\/www.laflechelibre.fr\/blog\/?p=154"},"modified":"2014-05-16T11:03:13","modified_gmt":"2014-05-16T10:03:13","slug":"les-seances-de-tir-commenceront-le-vendredi-16-mai-2014-de-17h30-a-19h30","status":"publish","type":"post","link":"https:\/\/www.laflechelibre.fr\/blog\/video\/les-seances-de-tir-commenceront-le-vendredi-16-mai-2014-de-17h30-a-19h30\/","title":{"rendered":"Les s\u00e9ances de tir commenceront le vendredi 16 mai 2014 de 17h30 \u00e0 19h30"},"content":{"rendered":"<p>Dimanche dernier, le 11 mai, nous sommes all\u00e9s faire des essais sur le terrain avec Alain Bouisset et Tom.<\/p>\n<p>Nous avons pu tester diff\u00e9rents tirs, au sol, en plong\u00e9e, du ball trap, etc&#8230;<br \/>\nNous nous sommes r\u00e9gal\u00e9s !<\/p>\n<p>Hier, lundi 12 mai, nous sommes retourn\u00e9s faire une petite s\u00e9ance \u00ab\u00a0<em>Bouteilles et bidons plastiques<\/em>\u00a0\u00bb avec Lili, Tom et moi-m\u00eame.<\/p>\n<div style=\"width: 474px;\" class=\"wp-video\"><video class=\"wp-video-shortcode\" id=\"video-154-1\" width=\"474\" height=\"267\" poster=\"https:\/\/www.laflechelibre.fr\/blog\/wp-content\/uploads\/2014\/05\/1ere_seance_avec_enfants.png\" preload=\"none\" controls=\"controls\"><source type=\"video\/mp4\" src=\"https:\/\/www.laflechelibre.fr\/blog\/wp-content\/uploads\/2014\/05\/1ere_seance_avec_enfants.mp4?_=1\" \/><a href=\"https:\/\/www.laflechelibre.fr\/blog\/wp-content\/uploads\/2014\/05\/1ere_seance_avec_enfants.mp4\">https:\/\/www.laflechelibre.fr\/blog\/wp-content\/uploads\/2014\/05\/1ere_seance_avec_enfants.mp4<\/a><\/video><\/div>\n<p><em>Musique : Toots And The Maytals &#8211; Louie Louie<\/em><\/p>\n<p>Le terrain est encore \u00ab\u00a0brut\u00a0\u00bb, tout en terre avec une partie encore \u00e0 l&rsquo;\u00e9tat de labour. Mais les choses devraient s&rsquo;arranger rapidement.<br \/>\nLe terrain va \u00eatre aplani dans sa totalit\u00e9, de l&rsquo;herbe va \u00eatre plant\u00e9e et deux piquets de 3 m\u00e8tres vont \u00eatre plac\u00e9s pour accueillir un filet de 10m de long sur 3m de haut.<\/p>\n<p>Mais malgr\u00e9 l&rsquo;\u00e9tat actuel du terrain, nous avons d\u00e9cid\u00e9 de ne pas attendre plus longtemps.<br \/>\nLes s\u00e9ances de tir commenceront donc le vendredi 16 mai 2014 de 17h30 \u00e0 19h30 et suivront (dans la mesure du possible) le <a title=\"Planning\" href=\"https:\/\/www.laflechelibre.fr\/blog\/planning\/\">planning annonc\u00e9<\/a>.<\/p>\n<p>N&rsquo;h\u00e9sitez pas \u00e0 nous contacter.<\/p>\n","protected":false},"excerpt":{"rendered":"<p>Dimanche dernier, le 11 mai, nous sommes all\u00e9s faire des essais sur le terrain avec Alain Bouisset et Tom. Nous avons pu tester diff\u00e9rents tirs, au sol, en plong\u00e9e, du ball trap, etc&#8230; Nous nous sommes r\u00e9gal\u00e9s ! Hier, lundi 12 mai, nous sommes retourn\u00e9s faire une petite s\u00e9ance \u00ab\u00a0Bouteilles et bidons plastiques\u00a0\u00bb avec Lili, &hellip; <a href=\"https:\/\/www.laflechelibre.fr\/blog\/video\/les-seances-de-tir-commenceront-le-vendredi-16-mai-2014-de-17h30-a-19h30\/\" class=\"more-link\">Continuer la lecture de <span class=\"screen-reader-text\">Les s\u00e9ances de tir commenceront le vendredi 16 mai 2014 de 17h30 \u00e0 19h30<\/span>  <span class=\"meta-nav\">&rarr;<\/span><\/a><\/p>\n","protected":false},"author":1,"featured_media":155,"comment_status":"open","ping_status":"open","sticky":false,"template":"","format":"video","meta":{"footnotes":""},"categories":[4],"tags":[10,9,5,11],"class_list":["post-154","post","type-post","status-publish","format-video","has-post-thumbnail","hentry","category-video","tag-lili-dhauenens","tag-lionel-dhauenens","tag-tir-a-larc-instinctif","tag-tom-dhauenens","post_format-post-format-video"],"_links":{"self":[{"href":"https:\/\/www.laflechelibre.fr\/blog\/wp-json\/wp\/v2\/posts\/154","targetHints":{"allow":["GET"]}}],"collection":[{"href":"https:\/\/www.laflechelibre.fr\/blog\/wp-json\/wp\/v2\/posts"}],"about":[{"href":"https:\/\/www.laflechelibre.fr\/blog\/wp-json\/wp\/v2\/types\/post"}],"author":[{"embeddable":true,"href":"https:\/\/www.laflechelibre.fr\/blog\/wp-json\/wp\/v2\/users\/1"}],"replies":[{"embeddable":true,"href":"https:\/\/www.laflechelibre.fr\/blog\/wp-json\/wp\/v2\/comments?post=154"}],"version-history":[{"count":7,"href":"https:\/\/www.laflechelibre.fr\/blog\/wp-json\/wp\/v2\/posts\/154\/revisions"}],"predecessor-version":[{"id":165,"href":"https:\/\/www.laflechelibre.fr\/blog\/wp-json\/wp\/v2\/posts\/154\/revisions\/165"}],"wp:featuredmedia":[{"embeddable":true,"href":"https:\/\/www.laflechelibre.fr\/blog\/wp-json\/wp\/v2\/media\/155"}],"wp:attachment":[{"href":"https:\/\/www.laflechelibre.fr\/blog\/wp-json\/wp\/v2\/media?parent=154"}],"wp:term":[{"taxonomy":"category","embeddable":true,"href":"https:\/\/www.laflechelibre.fr\/blog\/wp-json\/wp\/v2\/categories?post=154"},{"taxonomy":"post_tag","embeddable":true,"href":"https:\/\/www.laflechelibre.fr\/blog\/wp-json\/wp\/v2\/tags?post=154"}],"curies":[{"name":"wp","href":"https:\/\/api.w.org\/{rel}","templated":true}]}}